{"id":69,"date":"2021-07-19T23:21:31","date_gmt":"2021-07-19T23:21:31","guid":{"rendered":"https:\/\/ww1.norttech.com\/?p=69"},"modified":"2025-07-01T17:51:51","modified_gmt":"2025-07-01T17:51:51","slug":"nuestro-ceo-participo-como-conferenciante-en-el-evento-de-la-revistadyn","status":"publish","type":"post","link":"https:\/\/www.norttech.com\/en\/2021\/07\/19\/nuestro-ceo-participo-como-conferenciante-en-el-evento-de-la-revistadyn\/","title":{"rendered":"Nuestro CEO particip\u00f3 como conferenciante en el evento de la @RevistaDyN"},"content":{"rendered":"<div class=\"wp-block-media-text is-stacked-on-mobile\" style=\"grid-template-columns:40% auto\"><figure class=\"wp-block-media-text__media\"><img loading=\"lazy\" decoding=\"async\" width=\"400\" height=\"224\" src=\"https:\/\/ww1.norttech.com\/wp-content\/uploads\/sites\/2\/2025\/06\/Post-6-1-.jpg_t-1-fotor-enhance-20250630162555.jpg\" alt=\"\" class=\"wp-image-72 size-full\" srcset=\"https:\/\/www.norttech.com\/wp-content\/uploads\/sites\/2\/2025\/06\/Post-6-1-.jpg_t-1-fotor-enhance-20250630162555.jpg 400w, https:\/\/www.norttech.com\/wp-content\/uploads\/sites\/2\/2025\/06\/Post-6-1-.jpg_t-1-fotor-enhance-20250630162555-300x168.jpg 300w, https:\/\/www.norttech.com\/wp-content\/uploads\/sites\/2\/2025\/06\/Post-6-1-.jpg_t-1-fotor-enhance-20250630162555-18x10.jpg 18w\" sizes=\"auto, (max-width: 400px) 100vw, 400px\" \/><\/figure><div class=\"wp-block-media-text__content\">\n<p>El programa Software Engineer Accelerator de Norttech Labs busca formar a los m\u00e1s destacados ingenieros de software en la zona norte y \u00e1reas rurales de El Salvador.<\/p>\n<\/div><\/div>\n\n\n\n<hr class=\"wp-block-separator has-alpha-channel-opacity\" \/>\n\n\n\n<p>Un evento que ten\u00eda como objetivo mejorar la implementaci\u00f3n de Bitcoin en El Salvador para que los presentes tuvieran las herramientas e informaci\u00f3n necesaria para prepararse para los cambios que traer\u00e1 la nueva moneda digital que comenzar\u00e1 a tener un curso legal en el pa\u00eds a partir de septiembre del 2021.<\/p>\n\n\n\n<p>Nuestro CEO, Darvin Otero, tuvo una participaci\u00f3n como conferencista donde comparti\u00f3 algunos de los aspectos internos y los fundamentos t\u00e9cnicos que conforman la moneda digital, bitcoin.<\/p>\n\n\n\n<p>Luego, realiz\u00f3 un ejercicio donde invit\u00f3 al p\u00fablico a presentar una billetera electr\u00f3nica en sus tel\u00e9fonos inteligentes. Aquellos que lo hicieron recibieron una transferencia de Satoshi. Esto con el fin de que puedan entender el uso de las operaciones efectuadas con bitcoin.<\/p>\n\n\n\n<figure class=\"wp-block-image size-large\" style=\"margin-top:var(--wp--preset--spacing--40);margin-right:var(--wp--preset--spacing--80);margin-bottom:var(--wp--preset--spacing--40);margin-left:var(--wp--preset--spacing--80)\"><img loading=\"lazy\" decoding=\"async\" width=\"1024\" height=\"678\" src=\"https:\/\/ww1.norttech.com\/wp-content\/uploads\/sites\/2\/2021\/07\/image-1-3--1024x678.png\" alt=\"\" class=\"wp-image-196\" srcset=\"https:\/\/www.norttech.com\/wp-content\/uploads\/sites\/2\/2021\/07\/image-1-3--1024x678.png 1024w, https:\/\/www.norttech.com\/wp-content\/uploads\/sites\/2\/2021\/07\/image-1-3--300x199.png 300w, https:\/\/www.norttech.com\/wp-content\/uploads\/sites\/2\/2021\/07\/image-1-3--768x508.png 768w, https:\/\/www.norttech.com\/wp-content\/uploads\/sites\/2\/2021\/07\/image-1-3--18x12.png 18w, https:\/\/www.norttech.com\/wp-content\/uploads\/sites\/2\/2021\/07\/image-1-3-.png 1280w\" sizes=\"auto, (max-width: 1024px) 100vw, 1024px\" \/><\/figure>\n\n\n\n<p>Por medio de su cuenta de Twitter, Darvin Otero (@aveotero) expreso:<\/p>\n\n\n\n<p>&#8220;Excelente evento organizado por @RevistaDyN el pasado viernes sobre #Bitcoin en El Salvador. Muy contento de apoyar y de ver a Ejecutivos de Empresas Top en #ElSalvador ya interesado en adaptar sus procesos financieros a la #LeyBitcoin v\u00eda @norttechlabs&#8221;.<\/p>\n\n\n\n<p>Cabe destacar que durante el desarrollo del evento tambi\u00e9n participaron otros expositores como H\u00e9ctor Torres, socio de la firma de Torres Legal; Carlos Miguel Rivas, encargado de Desarrollo de Negocios de Athena Bitcoin en El Salvador; y Eduardo Amaya, socio principal de Auditor\u00eda y socio del \u00e1rea de Impuestos Corporativos y Auditor\u00eda.<\/p>\n\n\n\n<p class=\"has-light-color-color has-text-color has-link-color has-x-large-font-size wp-elements-5eb037636f6d9642a06d8a3a826fa713\">Sobre Darvin Otero<\/p>\n\n\n\n<p>Darvin Otero es un emprendedor tecnol\u00f3gico en serie e ingeniero de sistemas inform\u00e1ticos con maestr\u00eda en administraci\u00f3n de negocios. Por m\u00e1s de 20 a\u00f1os se encarg\u00f3 de ser consultor en la industria del software en diferentes pa\u00edses latinoamericanos y en Estados Unidos.<\/p>\n\n\n\n<p>Su s\u00f3lida experiencia le ha ayudado a desempe\u00f1ar proyectos importantes. En el a\u00f1o 2019 fund\u00f3 Norttech Labs, una empresa situada en El Salvador conformada por ingenieros inform\u00e1ticos, ingenieros industriales y experimentados consultores en soluciones inform\u00e1ticas y gesti\u00f3n empresarial.<\/p>","protected":false},"excerpt":{"rendered":"<p>El programa Software Engineer Accelerator de Norttech Labs busca formar a los m\u00e1s destacados ingenieros de software en la zona norte y \u00e1reas rurales de El Salvador. Un evento que ten\u00eda como objetivo mejorar la implementaci\u00f3n de Bitcoin en El Salvador para que los presentes tuvieran las herramientas e informaci\u00f3n necesaria para prepararse para los&#8230;<\/p>","protected":false},"author":4,"featured_media":205,"comment_status":"open","ping_status":"open","sticky":false,"template":"","format":"standard","meta":{"footnotes":""},"categories":[10],"tags":[],"class_list":["post-69","post","type-post","status-publish","format-standard","has-post-thumbnail","hentry","category-sobre-norttech"],"yoast_head":"<!-- This site is optimized with the Yoast SEO plugin v25.3 - https:\/\/yoast.com\/wordpress\/plugins\/seo\/ -->\n<title>Nuestro CEO particip\u00f3 como conferenciante en el evento de la @RevistaDyN - Norttech<\/title>\n<meta name=\"robots\" content=\"index, follow, max-snippet:-1, max-image-preview:large, max-video-preview:-1\" \/>\n<link rel=\"canonical\" href=\"https:\/\/www.norttech.com\/en\/2021\/07\/19\/nuestro-ceo-participo-como-conferenciante-en-el-evento-de-la-revistadyn\/\" \/>\n<meta property=\"og:locale\" content=\"en_US\" \/>\n<meta property=\"og:type\" content=\"article\" \/>\n<meta property=\"og:title\" content=\"Nuestro CEO particip\u00f3 como conferenciante en el evento de la @RevistaDyN - Norttech\" \/>\n<meta property=\"og:description\" content=\"El programa Software Engineer Accelerator de Norttech Labs busca formar a los m\u00e1s destacados ingenieros de software en la zona norte y \u00e1reas rurales de El Salvador. Un evento que ten\u00eda como objetivo mejorar la implementaci\u00f3n de Bitcoin en El Salvador para que los presentes tuvieran las herramientas e informaci\u00f3n necesaria para prepararse para los...\" \/>\n<meta property=\"og:url\" content=\"https:\/\/www.norttech.com\/en\/2021\/07\/19\/nuestro-ceo-participo-como-conferenciante-en-el-evento-de-la-revistadyn\/\" \/>\n<meta property=\"og:site_name\" content=\"Norttech\" \/>\n<meta property=\"article:published_time\" content=\"2021-07-19T23:21:31+00:00\" \/>\n<meta property=\"article:modified_time\" content=\"2025-07-01T17:51:51+00:00\" \/>\n<meta property=\"og:image\" content=\"https:\/\/www.norttech.com\/wp-content\/uploads\/sites\/2\/2021\/07\/Post-6-1-.jpg\" \/>\n\t<meta property=\"og:image:width\" content=\"1600\" \/>\n\t<meta property=\"og:image:height\" content=\"900\" \/>\n\t<meta property=\"og:image:type\" content=\"image\/jpeg\" \/>\n<meta name=\"author\" content=\"norttech\" \/>\n<meta name=\"twitter:card\" content=\"summary_large_image\" \/>\n<meta name=\"twitter:label1\" content=\"Written by\" \/>\n\t<meta name=\"twitter:data1\" content=\"norttech\" \/>\n\t<meta name=\"twitter:label2\" content=\"Est. reading time\" \/>\n\t<meta name=\"twitter:data2\" content=\"3 minutes\" \/>\n<script type=\"application\/ld+json\" class=\"yoast-schema-graph\">{\"@context\":\"https:\/\/schema.org\",\"@graph\":[{\"@type\":\"Article\",\"@id\":\"https:\/\/www.norttech.com\/2021\/07\/19\/nuestro-ceo-participo-como-conferenciante-en-el-evento-de-la-revistadyn\/#article\",\"isPartOf\":{\"@id\":\"https:\/\/www.norttech.com\/2021\/07\/19\/nuestro-ceo-participo-como-conferenciante-en-el-evento-de-la-revistadyn\/\"},\"author\":{\"name\":\"norttech\",\"@id\":\"https:\/\/www.norttech.com\/en\/#\/schema\/person\/e3dee0c51b301985929b71ac0ac41553\"},\"headline\":\"Nuestro CEO particip\u00f3 como conferenciante en el evento de la @RevistaDyN\",\"datePublished\":\"2021-07-19T23:21:31+00:00\",\"dateModified\":\"2025-07-01T17:51:51+00:00\",\"mainEntityOfPage\":{\"@id\":\"https:\/\/www.norttech.com\/2021\/07\/19\/nuestro-ceo-participo-como-conferenciante-en-el-evento-de-la-revistadyn\/\"},\"wordCount\":367,\"commentCount\":0,\"publisher\":{\"@id\":\"https:\/\/www.norttech.com\/en\/#organization\"},\"image\":{\"@id\":\"https:\/\/www.norttech.com\/2021\/07\/19\/nuestro-ceo-participo-como-conferenciante-en-el-evento-de-la-revistadyn\/#primaryimage\"},\"thumbnailUrl\":\"https:\/\/www.norttech.com\/wp-content\/uploads\/sites\/2\/2021\/07\/Post-6-1-.jpg\",\"articleSection\":[\"Sobre norttech\"],\"inLanguage\":\"en-US\",\"potentialAction\":[{\"@type\":\"CommentAction\",\"name\":\"Comment\",\"target\":[\"https:\/\/www.norttech.com\/2021\/07\/19\/nuestro-ceo-participo-como-conferenciante-en-el-evento-de-la-revistadyn\/#respond\"]}]},{\"@type\":\"WebPage\",\"@id\":\"https:\/\/www.norttech.com\/2021\/07\/19\/nuestro-ceo-participo-como-conferenciante-en-el-evento-de-la-revistadyn\/\",\"url\":\"https:\/\/www.norttech.com\/2021\/07\/19\/nuestro-ceo-participo-como-conferenciante-en-el-evento-de-la-revistadyn\/\",\"name\":\"Nuestro CEO particip\u00f3 como conferenciante en el evento de la @RevistaDyN - Norttech\",\"isPartOf\":{\"@id\":\"https:\/\/www.norttech.com\/en\/#website\"},\"primaryImageOfPage\":{\"@id\":\"https:\/\/www.norttech.com\/2021\/07\/19\/nuestro-ceo-participo-como-conferenciante-en-el-evento-de-la-revistadyn\/#primaryimage\"},\"image\":{\"@id\":\"https:\/\/www.norttech.com\/2021\/07\/19\/nuestro-ceo-participo-como-conferenciante-en-el-evento-de-la-revistadyn\/#primaryimage\"},\"thumbnailUrl\":\"https:\/\/www.norttech.com\/wp-content\/uploads\/sites\/2\/2021\/07\/Post-6-1-.jpg\",\"datePublished\":\"2021-07-19T23:21:31+00:00\",\"dateModified\":\"2025-07-01T17:51:51+00:00\",\"breadcrumb\":{\"@id\":\"https:\/\/www.norttech.com\/2021\/07\/19\/nuestro-ceo-participo-como-conferenciante-en-el-evento-de-la-revistadyn\/#breadcrumb\"},\"inLanguage\":\"en-US\",\"potentialAction\":[{\"@type\":\"ReadAction\",\"target\":[\"https:\/\/www.norttech.com\/2021\/07\/19\/nuestro-ceo-participo-como-conferenciante-en-el-evento-de-la-revistadyn\/\"]}]},{\"@type\":\"ImageObject\",\"inLanguage\":\"en-US\",\"@id\":\"https:\/\/www.norttech.com\/2021\/07\/19\/nuestro-ceo-participo-como-conferenciante-en-el-evento-de-la-revistadyn\/#primaryimage\",\"url\":\"https:\/\/www.norttech.com\/wp-content\/uploads\/sites\/2\/2021\/07\/Post-6-1-.jpg\",\"contentUrl\":\"https:\/\/www.norttech.com\/wp-content\/uploads\/sites\/2\/2021\/07\/Post-6-1-.jpg\",\"width\":1600,\"height\":900},{\"@type\":\"BreadcrumbList\",\"@id\":\"https:\/\/www.norttech.com\/2021\/07\/19\/nuestro-ceo-participo-como-conferenciante-en-el-evento-de-la-revistadyn\/#breadcrumb\",\"itemListElement\":[{\"@type\":\"ListItem\",\"position\":1,\"name\":\"Home\",\"item\":\"https:\/\/www.norttech.com\/\"},{\"@type\":\"ListItem\",\"position\":2,\"name\":\"Nuestro CEO particip\u00f3 como conferenciante en el evento de la @RevistaDyN\"}]},{\"@type\":\"WebSite\",\"@id\":\"https:\/\/www.norttech.com\/en\/#website\",\"url\":\"https:\/\/www.norttech.com\/en\/\",\"name\":\"Norttech\",\"description\":\"\",\"publisher\":{\"@id\":\"https:\/\/www.norttech.com\/en\/#organization\"},\"potentialAction\":[{\"@type\":\"SearchAction\",\"target\":{\"@type\":\"EntryPoint\",\"urlTemplate\":\"https:\/\/www.norttech.com\/en\/?s={search_term_string}\"},\"query-input\":{\"@type\":\"PropertyValueSpecification\",\"valueRequired\":true,\"valueName\":\"search_term_string\"}}],\"inLanguage\":\"en-US\"},{\"@type\":\"Organization\",\"@id\":\"https:\/\/www.norttech.com\/en\/#organization\",\"name\":\"Norttech\",\"url\":\"https:\/\/www.norttech.com\/en\/\",\"logo\":{\"@type\":\"ImageObject\",\"inLanguage\":\"en-US\",\"@id\":\"https:\/\/www.norttech.com\/en\/#\/schema\/logo\/image\/\",\"url\":\"https:\/\/www.norttech.com\/wp-content\/uploads\/sites\/2\/2025\/07\/imagen_2025-07-07_104008604.png\",\"contentUrl\":\"https:\/\/www.norttech.com\/wp-content\/uploads\/sites\/2\/2025\/07\/imagen_2025-07-07_104008604.png\",\"width\":276,\"height\":107,\"caption\":\"Norttech\"},\"image\":{\"@id\":\"https:\/\/www.norttech.com\/en\/#\/schema\/logo\/image\/\"}},{\"@type\":\"Person\",\"@id\":\"https:\/\/www.norttech.com\/en\/#\/schema\/person\/e3dee0c51b301985929b71ac0ac41553\",\"name\":\"norttech\",\"image\":{\"@type\":\"ImageObject\",\"inLanguage\":\"en-US\",\"@id\":\"https:\/\/www.norttech.com\/en\/#\/schema\/person\/image\/\",\"url\":\"https:\/\/secure.gravatar.com\/avatar\/4360c8a12ef3c38e82a1e925f1ac39b19dc30ab9cb3b808bea8d65e203039752?s=96&d=mm&r=g\",\"contentUrl\":\"https:\/\/secure.gravatar.com\/avatar\/4360c8a12ef3c38e82a1e925f1ac39b19dc30ab9cb3b808bea8d65e203039752?s=96&d=mm&r=g\",\"caption\":\"norttech\"},\"url\":\"https:\/\/www.norttech.com\/en\/author\/norttech\/\"}]}<\/script>\n<!-- \/ Yoast SEO plugin. -->","yoast_head_json":{"title":"Nuestro CEO particip\u00f3 como conferenciante en el evento de la @RevistaDyN - Norttech","robots":{"index":"index","follow":"follow","max-snippet":"max-snippet:-1","max-image-preview":"max-image-preview:large","max-video-preview":"max-video-preview:-1"},"canonical":"https:\/\/www.norttech.com\/en\/2021\/07\/19\/nuestro-ceo-participo-como-conferenciante-en-el-evento-de-la-revistadyn\/","og_locale":"en_US","og_type":"article","og_title":"Nuestro CEO particip\u00f3 como conferenciante en el evento de la @RevistaDyN - Norttech","og_description":"El programa Software Engineer Accelerator de Norttech Labs busca formar a los m\u00e1s destacados ingenieros de software en la zona norte y \u00e1reas rurales de El Salvador. Un evento que ten\u00eda como objetivo mejorar la implementaci\u00f3n de Bitcoin en El Salvador para que los presentes tuvieran las herramientas e informaci\u00f3n necesaria para prepararse para los...","og_url":"https:\/\/www.norttech.com\/en\/2021\/07\/19\/nuestro-ceo-participo-como-conferenciante-en-el-evento-de-la-revistadyn\/","og_site_name":"Norttech","article_published_time":"2021-07-19T23:21:31+00:00","article_modified_time":"2025-07-01T17:51:51+00:00","og_image":[{"width":1600,"height":900,"url":"https:\/\/www.norttech.com\/wp-content\/uploads\/sites\/2\/2021\/07\/Post-6-1-.jpg","type":"image\/jpeg"}],"author":"norttech","twitter_card":"summary_large_image","twitter_misc":{"Written by":"norttech","Est. reading time":"3 minutes"},"schema":{"@context":"https:\/\/schema.org","@graph":[{"@type":"Article","@id":"https:\/\/www.norttech.com\/2021\/07\/19\/nuestro-ceo-participo-como-conferenciante-en-el-evento-de-la-revistadyn\/#article","isPartOf":{"@id":"https:\/\/www.norttech.com\/2021\/07\/19\/nuestro-ceo-participo-como-conferenciante-en-el-evento-de-la-revistadyn\/"},"author":{"name":"norttech","@id":"https:\/\/www.norttech.com\/en\/#\/schema\/person\/e3dee0c51b301985929b71ac0ac41553"},"headline":"Nuestro CEO particip\u00f3 como conferenciante en el evento de la @RevistaDyN","datePublished":"2021-07-19T23:21:31+00:00","dateModified":"2025-07-01T17:51:51+00:00","mainEntityOfPage":{"@id":"https:\/\/www.norttech.com\/2021\/07\/19\/nuestro-ceo-participo-como-conferenciante-en-el-evento-de-la-revistadyn\/"},"wordCount":367,"commentCount":0,"publisher":{"@id":"https:\/\/www.norttech.com\/en\/#organization"},"image":{"@id":"https:\/\/www.norttech.com\/2021\/07\/19\/nuestro-ceo-participo-como-conferenciante-en-el-evento-de-la-revistadyn\/#primaryimage"},"thumbnailUrl":"https:\/\/www.norttech.com\/wp-content\/uploads\/sites\/2\/2021\/07\/Post-6-1-.jpg","articleSection":["Sobre norttech"],"inLanguage":"en-US","potentialAction":[{"@type":"CommentAction","name":"Comment","target":["https:\/\/www.norttech.com\/2021\/07\/19\/nuestro-ceo-participo-como-conferenciante-en-el-evento-de-la-revistadyn\/#respond"]}]},{"@type":"WebPage","@id":"https:\/\/www.norttech.com\/2021\/07\/19\/nuestro-ceo-participo-como-conferenciante-en-el-evento-de-la-revistadyn\/","url":"https:\/\/www.norttech.com\/2021\/07\/19\/nuestro-ceo-participo-como-conferenciante-en-el-evento-de-la-revistadyn\/","name":"Nuestro CEO particip\u00f3 como conferenciante en el evento de la @RevistaDyN - Norttech","isPartOf":{"@id":"https:\/\/www.norttech.com\/en\/#website"},"primaryImageOfPage":{"@id":"https:\/\/www.norttech.com\/2021\/07\/19\/nuestro-ceo-participo-como-conferenciante-en-el-evento-de-la-revistadyn\/#primaryimage"},"image":{"@id":"https:\/\/www.norttech.com\/2021\/07\/19\/nuestro-ceo-participo-como-conferenciante-en-el-evento-de-la-revistadyn\/#primaryimage"},"thumbnailUrl":"https:\/\/www.norttech.com\/wp-content\/uploads\/sites\/2\/2021\/07\/Post-6-1-.jpg","datePublished":"2021-07-19T23:21:31+00:00","dateModified":"2025-07-01T17:51:51+00:00","breadcrumb":{"@id":"https:\/\/www.norttech.com\/2021\/07\/19\/nuestro-ceo-participo-como-conferenciante-en-el-evento-de-la-revistadyn\/#breadcrumb"},"inLanguage":"en-US","potentialAction":[{"@type":"ReadAction","target":["https:\/\/www.norttech.com\/2021\/07\/19\/nuestro-ceo-participo-como-conferenciante-en-el-evento-de-la-revistadyn\/"]}]},{"@type":"ImageObject","inLanguage":"en-US","@id":"https:\/\/www.norttech.com\/2021\/07\/19\/nuestro-ceo-participo-como-conferenciante-en-el-evento-de-la-revistadyn\/#primaryimage","url":"https:\/\/www.norttech.com\/wp-content\/uploads\/sites\/2\/2021\/07\/Post-6-1-.jpg","contentUrl":"https:\/\/www.norttech.com\/wp-content\/uploads\/sites\/2\/2021\/07\/Post-6-1-.jpg","width":1600,"height":900},{"@type":"BreadcrumbList","@id":"https:\/\/www.norttech.com\/2021\/07\/19\/nuestro-ceo-participo-como-conferenciante-en-el-evento-de-la-revistadyn\/#breadcrumb","itemListElement":[{"@type":"ListItem","position":1,"name":"Home","item":"https:\/\/www.norttech.com\/"},{"@type":"ListItem","position":2,"name":"Nuestro CEO particip\u00f3 como conferenciante en el evento de la @RevistaDyN"}]},{"@type":"WebSite","@id":"https:\/\/www.norttech.com\/en\/#website","url":"https:\/\/www.norttech.com\/en\/","name":"Norttech","description":"","publisher":{"@id":"https:\/\/www.norttech.com\/en\/#organization"},"potentialAction":[{"@type":"SearchAction","target":{"@type":"EntryPoint","urlTemplate":"https:\/\/www.norttech.com\/en\/?s={search_term_string}"},"query-input":{"@type":"PropertyValueSpecification","valueRequired":true,"valueName":"search_term_string"}}],"inLanguage":"en-US"},{"@type":"Organization","@id":"https:\/\/www.norttech.com\/en\/#organization","name":"Norttech","url":"https:\/\/www.norttech.com\/en\/","logo":{"@type":"ImageObject","inLanguage":"en-US","@id":"https:\/\/www.norttech.com\/en\/#\/schema\/logo\/image\/","url":"https:\/\/www.norttech.com\/wp-content\/uploads\/sites\/2\/2025\/07\/imagen_2025-07-07_104008604.png","contentUrl":"https:\/\/www.norttech.com\/wp-content\/uploads\/sites\/2\/2025\/07\/imagen_2025-07-07_104008604.png","width":276,"height":107,"caption":"Norttech"},"image":{"@id":"https:\/\/www.norttech.com\/en\/#\/schema\/logo\/image\/"}},{"@type":"Person","@id":"https:\/\/www.norttech.com\/en\/#\/schema\/person\/e3dee0c51b301985929b71ac0ac41553","name":"norttech","image":{"@type":"ImageObject","inLanguage":"en-US","@id":"https:\/\/www.norttech.com\/en\/#\/schema\/person\/image\/","url":"https:\/\/secure.gravatar.com\/avatar\/4360c8a12ef3c38e82a1e925f1ac39b19dc30ab9cb3b808bea8d65e203039752?s=96&d=mm&r=g","contentUrl":"https:\/\/secure.gravatar.com\/avatar\/4360c8a12ef3c38e82a1e925f1ac39b19dc30ab9cb3b808bea8d65e203039752?s=96&d=mm&r=g","caption":"norttech"},"url":"https:\/\/www.norttech.com\/en\/author\/norttech\/"}]}},"_links":{"self":[{"href":"https:\/\/www.norttech.com\/en\/wp-json\/wp\/v2\/posts\/69","targetHints":{"allow":["GET"]}}],"collection":[{"href":"https:\/\/www.norttech.com\/en\/wp-json\/wp\/v2\/posts"}],"about":[{"href":"https:\/\/www.norttech.com\/en\/wp-json\/wp\/v2\/types\/post"}],"author":[{"embeddable":true,"href":"https:\/\/www.norttech.com\/en\/wp-json\/wp\/v2\/users\/4"}],"replies":[{"embeddable":true,"href":"https:\/\/www.norttech.com\/en\/wp-json\/wp\/v2\/comments?post=69"}],"version-history":[{"count":2,"href":"https:\/\/www.norttech.com\/en\/wp-json\/wp\/v2\/posts\/69\/revisions"}],"predecessor-version":[{"id":197,"href":"https:\/\/www.norttech.com\/en\/wp-json\/wp\/v2\/posts\/69\/revisions\/197"}],"wp:featuredmedia":[{"embeddable":true,"href":"https:\/\/www.norttech.com\/en\/wp-json\/wp\/v2\/media\/205"}],"wp:attachment":[{"href":"https:\/\/www.norttech.com\/en\/wp-json\/wp\/v2\/media?parent=69"}],"wp:term":[{"taxonomy":"category","embeddable":true,"href":"https:\/\/www.norttech.com\/en\/wp-json\/wp\/v2\/categories?post=69"},{"taxonomy":"post_tag","embeddable":true,"href":"https:\/\/www.norttech.com\/en\/wp-json\/wp\/v2\/tags?post=69"}],"curies":[{"name":"wp","href":"https:\/\/api.w.org\/{rel}","templated":true}]}}